{"id":325,"date":"2015-10-27T17:15:00","date_gmt":"2015-10-27T16:15:00","guid":{"rendered":"http:\/\/droledebobine.ch\/?p=325"},"modified":"2015-10-27T17:15:00","modified_gmt":"2015-10-27T16:15:00","slug":"un-nouveau-marche-pour-drole-de-bobine","status":"publish","type":"post","link":"https:\/\/www.droledebobine.ch\/?p=325","title":{"rendered":"Un nouveau march\u00e9 pour Dr\u00f4le de Bobine"},"content":{"rendered":"<p>Et voil\u00e0 ! Un nouveau march\u00e9 pour Dr\u00f4le de Bobine !<\/p>\n<p>Cette fois, cela se passait \u00e0 Dombresson dans le canton de Neuch\u00e2tel. Une journ\u00e9e un peu brumeuse mais pleine de joie et durant laquelle j&rsquo;ai eu beaucoup de plaisir \u00e0 tenir mon stand avec une amie extraordinaire qui m&rsquo;a suivi jusque l\u00e0-bas \ud83d\ude42<\/p>\n<p>A Dombresson, qui est un charmant village du Val-de-Ruz, il y a deux foires organis\u00e9es chaque ann\u00e9e. Et c&rsquo;est un grand plaisir d&rsquo;avoir pu y participer. Le vendredi 23 octobre \u00e9tait donc le jour de la foire d&rsquo;automne &#8230; Mais dans quelques temps, ce sera au tour de la foire de printemps, qui se tiendra, toujours \u00e0 Dombresson, le 16 mai 2016.<\/p>\n<p>Voici donc une petite photo de mon stand. Et bient\u00f4t, un article d\u00e9di\u00e9 aux nouveaut\u00e9s \ud83d\ude42<\/p>\n","protected":false},"excerpt":{"rendered":"<p>Et voil\u00e0 ! Un nouveau march\u00e9 pour Dr\u00f4le de Bobine ! Cette fois, cela se passait \u00e0 Dombresson dans le canton de Neuch\u00e2tel. Une journ\u00e9e un peu brumeuse mais pleine de joie et durant laquelle j&rsquo;ai eu beaucoup de plaisir \u00e0 tenir mon stand avec une amie extraordinaire qui m&rsquo;a suivi jusque l\u00e0-bas \ud83d\ude42 A&#8230;<\/p>\n","protected":false},"author":1,"featured_media":327,"comment_status":"open","ping_status":"open","sticky":false,"template":"","format":"standard","meta":[],"categories":[1],"tags":[],"_links":{"self":[{"href":"https:\/\/www.droledebobine.ch\/index.php?rest_route=\/wp\/v2\/posts\/325"}],"collection":[{"href":"https:\/\/www.droledebobine.ch\/index.php?rest_route=\/wp\/v2\/posts"}],"about":[{"href":"https:\/\/www.droledebobine.ch\/index.php?rest_route=\/wp\/v2\/types\/post"}],"author":[{"embeddable":true,"href":"https:\/\/www.droledebobine.ch\/index.php?rest_route=\/wp\/v2\/users\/1"}],"replies":[{"embeddable":true,"href":"https:\/\/www.droledebobine.ch\/index.php?rest_route=%2Fwp%2Fv2%2Fcomments&post=325"}],"version-history":[{"count":2,"href":"https:\/\/www.droledebobine.ch\/index.php?rest_route=\/wp\/v2\/posts\/325\/revisions"}],"predecessor-version":[{"id":329,"href":"https:\/\/www.droledebobine.ch\/index.php?rest_route=\/wp\/v2\/posts\/325\/revisions\/329"}],"wp:featuredmedia":[{"embeddable":true,"href":"https:\/\/www.droledebobine.ch\/index.php?rest_route=\/wp\/v2\/media\/327"}],"wp:attachment":[{"href":"https:\/\/www.droledebobine.ch\/index.php?rest_route=%2Fwp%2Fv2%2Fmedia&parent=325"}],"wp:term":[{"taxonomy":"category","embeddable":true,"href":"https:\/\/www.droledebobine.ch\/index.php?rest_route=%2Fwp%2Fv2%2Fcategories&post=325"},{"taxonomy":"post_tag","embeddable":true,"href":"https:\/\/www.droledebobine.ch\/index.php?rest_route=%2Fwp%2Fv2%2Ftags&post=325"}],"curies":[{"name":"wp","href":"https:\/\/api.w.org\/{rel}","templated":true}]}}